{"id":183,"date":"2022-04-07T09:04:34","date_gmt":"2022-04-07T09:04:34","guid":{"rendered":"https:\/\/fhk.ac.at\/2022\/04\/aviso-zur-pressekonferenz-15-fh-forschungsforum-setzt-sich-mit-auswirkung-und-wirksamkeit-auseinander\/"},"modified":"2022-04-07T09:04:34","modified_gmt":"2022-04-07T09:04:34","slug":"aviso-zur-pressekonferenz-15-fh-forschungsforum-setzt-sich-mit-auswirkung-und-wirksamkeit-auseinander","status":"publish","type":"post","link":"https:\/\/fhk.ac.at\/en\/aviso-zur-pressekonferenz-15-fh-forschungsforum-setzt-sich-mit-auswirkung-und-wirksamkeit-auseinander\/","title":{"rendered":"Aviso to the press conference: 15th FH Research Forum addresses impact and effectiveness"},"content":{"rendered":"<p><strong>Under the motto \"Creating Impact - becoming effective together\", this year's research forum of the Austrian universities of applied sciences will take place from 20 to 21 April 2022 on the Villach campus of the Carinthia University of Applied Sciences.<\/strong><\/p>\n<p><strong>Joint cross-border research on future topics<\/strong><\/p>\n<p>In addition to scientific contributions in overarching thematic blocks such as \"UAS research becomes effective\", \"cross-border UAS research\" and \"Together towards a sustainable &amp; resilient future\", Federal Minister Martin Polascheck and Governor Peter Kaiser will be guests in a political part of the programme on 21 April 2022. Sabine Herlitschka, CEO of Infineon Technologies, will give a keynote speech at the end of the event.<\/p>\n<p>Please make a note of the press event for the presentation \"Impact and effectiveness of UAS research in the context of collaborative research\".<\/p>\n<p>Press conference dialogue partner:<br \/>\n- Sabine Herlitschka, Chairwoman of the Board of Infineon Austria &amp; Chairwoman of the Board of the Carinthia University of Applied Sciences<br \/>\n- Peter Granig, Rector FH Carinthia<br \/>\n- Claudia Pacher, Head of FH K\u00e4rnten Research<br \/>\n- Ulrike Prommer, President of the Conference of Universities of Applied Sciences (FHK)<\/p>\n<p><strong>Date: <\/strong>21.04.2022, 11:30 a.m. - 12:15 p.m.<\/p>\n<p><strong>Location: <\/strong>FH Carinthia, Campus Villach<br \/>\nEuropastrasse 4, 9524 Villach, Austria<\/p>\n<p><strong>Url: <\/strong><a href=\"https:\/\/forschung.fh-kaernten.at\/ffh2022\/\">https:\/\/forschung.fh-kaernten.at\/ffh2022\/<\/a><\/p>","protected":false},"excerpt":{"rendered":"<p>Unter dem Motto, \u201eCreating Impact &#8211; gemeinsam wirksam werden\u201c findet das diesj\u00e4hrige Forschungsforum der \u00f6sterreichischen Fachhochschulen vom 20. bis 21. April 2022 auf dem Campus Villach der FH K\u00e4rnten statt. Gemeinsam grenz\u00fcberschreitend an Zukunftsthemen forschen Neben wissenschaftlichen Beitr\u00e4gen in \u00fcbergeordneten Themenbl\u00f6cken wie \u201eFH Forschung wird wirksam\u201c, \u201egrenz\u00fcberschreitende FH Forschung\u201c und \u201eGemeinsam in Richtung einer nachhaltigen [&hellip;]<\/p>\n","protected":false},"author":12,"featured_media":0,"comment_status":"closed","ping_status":"closed","sticky":false,"template":"","format":"standard","meta":{"_acf_changed":false,"footnotes":""},"categories":[1],"tags":[],"class_list":["post-183","post","type-post","status-publish","format-standard","hentry","category-nachrichten"],"acf":[],"_links":{"self":[{"href":"https:\/\/fhk.ac.at\/en\/wp-json\/wp\/v2\/posts\/183","targetHints":{"allow":["GET"]}}],"collection":[{"href":"https:\/\/fhk.ac.at\/en\/wp-json\/wp\/v2\/posts"}],"about":[{"href":"https:\/\/fhk.ac.at\/en\/wp-json\/wp\/v2\/types\/post"}],"author":[{"embeddable":true,"href":"https:\/\/fhk.ac.at\/en\/wp-json\/wp\/v2\/users\/12"}],"replies":[{"embeddable":true,"href":"https:\/\/fhk.ac.at\/en\/wp-json\/wp\/v2\/comments?post=183"}],"version-history":[{"count":0,"href":"https:\/\/fhk.ac.at\/en\/wp-json\/wp\/v2\/posts\/183\/revisions"}],"wp:attachment":[{"href":"https:\/\/fhk.ac.at\/en\/wp-json\/wp\/v2\/media?parent=183"}],"wp:term":[{"taxonomy":"category","embeddable":true,"href":"https:\/\/fhk.ac.at\/en\/wp-json\/wp\/v2\/categories?post=183"},{"taxonomy":"post_tag","embeddable":true,"href":"https:\/\/fhk.ac.at\/en\/wp-json\/wp\/v2\/tags?post=183"}],"curies":[{"name":"wp","href":"https:\/\/api.w.org\/{rel}","templated":true}]}}