{"id":138,"date":"2020-05-26T05:13:55","date_gmt":"2020-05-26T05:13:55","guid":{"rendered":"https:\/\/fhk.ac.at\/2020\/05\/fhk-freigabe-der-forschungsmilliarde-dringend-geboten\/"},"modified":"2020-05-26T05:13:55","modified_gmt":"2020-05-26T05:13:55","slug":"fhk-freigabe-der-forschungsmilliarde-dringend-geboten","status":"publish","type":"post","link":"https:\/\/fhk.ac.at\/en\/fhk-freigabe-der-forschungsmilliarde-dringend-geboten\/","title":{"rendered":"FHK: Release of the research billion urgently needed"},"content":{"rendered":"<p>Government work must not be limited to PR - support for BM Leichtfried's demand<\/p>\n<p>It is now almost a year since the government decided in July 2016 to invest an additional 100 million euros in the expansion of universities of applied sciences. The University of Applied Sciences Conference expressly welcomed this decision, which was initiated by Science Minister Mitterlehner, as a \"strong signal for the further development of the Austrian higher education sector\". Today, Helmut Holzinger, President of the FHK, is accordingly critical of the fact that nothing has happened in practice since the announcement of additional funds: \"Government policy must not be limited to announcements and PR campaigns. Despite the continuous increase in study places in the FH sector, 2 out of 3 applicants still have to be turned away. The Chancellor and Vice-Chancellor, who gave us their word a year ago, are called upon to honour this word with the Minister of Finance.\" The FHK is therefore delighted that Infrastructure Minister Leichtfried seems to be aware of this problem. Holzinger: \"It would be a great help if today's media statements by Federal Minister Leichtfried were also followed up by tangible political initiatives in the direction of the Finance Minister,\" concluded Holzinger.<\/p>","protected":false},"excerpt":{"rendered":"<p>Regierungsarbeit darf sich nicht in PR ersch\u00f6pfen &#8211; Unterst\u00fctzung f\u00fcr Forderung von BM Leichtfried Es ist nun bereits beinahe ein Jahr her, dass im Juli 2016 die Regierung den Beschluss gefasst hat, zus\u00e4tzlich 100 Millionen Euro in den Ausbau von Fachhochschulen zu investieren. Die Fachhochschul-Konferenz hat diesen von Wissenschaftsminister Mitterlehner initiierten Beschluss seinerzeit ausdr\u00fccklich als [&hellip;]<\/p>\n","protected":false},"author":12,"featured_media":0,"comment_status":"closed","ping_status":"closed","sticky":false,"template":"","format":"standard","meta":{"_acf_changed":false,"footnotes":""},"categories":[1],"tags":[],"class_list":["post-138","post","type-post","status-publish","format-standard","hentry","category-nachrichten"],"acf":[],"_links":{"self":[{"href":"https:\/\/fhk.ac.at\/en\/wp-json\/wp\/v2\/posts\/138","targetHints":{"allow":["GET"]}}],"collection":[{"href":"https:\/\/fhk.ac.at\/en\/wp-json\/wp\/v2\/posts"}],"about":[{"href":"https:\/\/fhk.ac.at\/en\/wp-json\/wp\/v2\/types\/post"}],"author":[{"embeddable":true,"href":"https:\/\/fhk.ac.at\/en\/wp-json\/wp\/v2\/users\/12"}],"replies":[{"embeddable":true,"href":"https:\/\/fhk.ac.at\/en\/wp-json\/wp\/v2\/comments?post=138"}],"version-history":[{"count":0,"href":"https:\/\/fhk.ac.at\/en\/wp-json\/wp\/v2\/posts\/138\/revisions"}],"wp:attachment":[{"href":"https:\/\/fhk.ac.at\/en\/wp-json\/wp\/v2\/media?parent=138"}],"wp:term":[{"taxonomy":"category","embeddable":true,"href":"https:\/\/fhk.ac.at\/en\/wp-json\/wp\/v2\/categories?post=138"},{"taxonomy":"post_tag","embeddable":true,"href":"https:\/\/fhk.ac.at\/en\/wp-json\/wp\/v2\/tags?post=138"}],"curies":[{"name":"wp","href":"https:\/\/api.w.org\/{rel}","templated":true}]}}