{"id":123,"date":"2020-05-26T05:01:41","date_gmt":"2020-05-26T05:01:41","guid":{"rendered":"https:\/\/fhk.ac.at\/2020\/05\/fhk-praesident-ribitsch-budget-gibt-fachhochschulen-grund-zu-optimismus\/"},"modified":"2020-05-26T05:01:41","modified_gmt":"2020-05-26T05:01:41","slug":"fhk-praesident-ribitsch-budget-gibt-fachhochschulen-grund-zu-optimismus","status":"publish","type":"post","link":"https:\/\/fhk.ac.at\/en\/fhk-praesident-ribitsch-budget-gibt-fachhochschulen-grund-zu-optimismus\/","title":{"rendered":"FHK President Ribitsch: \"Budget gives Fachhochschulen reason for optimism\"."},"content":{"rendered":"<p>The President of the University of Applied Sciences Conference, Raimund Ribitsch, is clearly positive and pleased about the key figures announced yesterday by the Ministry of Science for the universities of applied sciences in the 2018\/2019 double budget: not only is the universities of applied sciences' standard annual budget of EUR 7.8 million secured to the full and necessary extent, but bold offensive measures to create additional study places are also being made possible. As part of the 2019 budget, an additional EUR 25 million is to flow into the expansion of UAS study places. Ribitsch: \"The Minister has also announced that 2020 will be the year of universities of applied sciences. By creating 450 new study places in 2019, he is laying a solid foundation for this. We are delighted that the Minister is honouring his word and will work with the Ministry on the further development of our sector.\"<\/p>\n<p>Enquiry note:<br \/>\nKurt Koleznik<br \/>\nSecretary General<br \/>\nTel.: 0664\/4244294<\/p>","protected":false},"excerpt":{"rendered":"<p>Deutlich positiv und erfreut reagiert der Pr\u00e4sident der Fachhochschul-Konferenz, Mag. Raimund Ribitsch auf die gestern bekanntgegebenen Eckzahlen des Wissenschaftsministeriums f\u00fcr die Fachhochschulen im Doppelbudget 2018\/2019: Nicht nur sei das j\u00e4hrliche Regelbudget der Fachhochschulen im vollen und notwendigen Umfang von 7,8 Mio. EUR gesichert, es w\u00fcrden auch mutige offensive Ma\u00dfnahmen zur Schaffung weiterer Studienpl\u00e4tze erm\u00f6glicht. So [&hellip;]<\/p>\n","protected":false},"author":12,"featured_media":0,"comment_status":"closed","ping_status":"closed","sticky":false,"template":"","format":"standard","meta":{"_acf_changed":false,"footnotes":""},"categories":[1],"tags":[],"class_list":["post-123","post","type-post","status-publish","format-standard","hentry","category-nachrichten"],"acf":[],"_links":{"self":[{"href":"https:\/\/fhk.ac.at\/en\/wp-json\/wp\/v2\/posts\/123","targetHints":{"allow":["GET"]}}],"collection":[{"href":"https:\/\/fhk.ac.at\/en\/wp-json\/wp\/v2\/posts"}],"about":[{"href":"https:\/\/fhk.ac.at\/en\/wp-json\/wp\/v2\/types\/post"}],"author":[{"embeddable":true,"href":"https:\/\/fhk.ac.at\/en\/wp-json\/wp\/v2\/users\/12"}],"replies":[{"embeddable":true,"href":"https:\/\/fhk.ac.at\/en\/wp-json\/wp\/v2\/comments?post=123"}],"version-history":[{"count":0,"href":"https:\/\/fhk.ac.at\/en\/wp-json\/wp\/v2\/posts\/123\/revisions"}],"wp:attachment":[{"href":"https:\/\/fhk.ac.at\/en\/wp-json\/wp\/v2\/media?parent=123"}],"wp:term":[{"taxonomy":"category","embeddable":true,"href":"https:\/\/fhk.ac.at\/en\/wp-json\/wp\/v2\/categories?post=123"},{"taxonomy":"post_tag","embeddable":true,"href":"https:\/\/fhk.ac.at\/en\/wp-json\/wp\/v2\/tags?post=123"}],"curies":[{"name":"wp","href":"https:\/\/api.w.org\/{rel}","templated":true}]}}